{"id":2974,"date":"2024-09-09T13:56:44","date_gmt":"2024-09-09T11:56:44","guid":{"rendered":"https:\/\/xn--mv-bnnigheim-7ib.de\/new\/?p=2974"},"modified":"2024-10-12T08:50:50","modified_gmt":"2024-10-12T06:50:50","slug":"toene-fuer-die-demokratie","status":"publish","type":"post","link":"https:\/\/xn--mv-bnnigheim-7ib.de\/new\/toene-fuer-die-demokratie\/","title":{"rendered":"T\u00f6ne f\u00fcr die Demokratie, 10. Nov. 2024"},"content":{"rendered":"\n<blockquote class=\"wp-block-quote is-layout-flow wp-block-quote-is-layout-flow\">\n<div class=\"wp-block-uagb-blockquote uagb-block-413a541f uagb-blockquote__skin-border uagb-blockquote__stack-img-none\"><blockquote class=\"uagb-blockquote\"><div class=\"uagb-blockquote__content\">Die W\u00fcrde des Menschen ist unantastbar.<\/div><footer><div class=\"uagb-blockquote__author-wrap uagb-blockquote__author-at-left\"><cite class=\"uagb-blockquote__author\">Art. 1 Abs. 1 S. 1 des Grundgesetzes<\/cite><\/div><\/footer><\/blockquote><\/div>\n<\/blockquote>\n\n\n\n<div class=\"wp-block-columns is-layout-flex wp-container-core-columns-is-layout-28f84493 wp-block-columns-is-layout-flex\">\n<div class=\"wp-block-column is-layout-flow wp-block-column-is-layout-flow\" style=\"flex-basis:66.66%\">\n<p>Mit diesem simplen Satz stellte der parlamentarische Rat von 1949 klar, dass von nun an der Mensch im Mittelpunkt des staatlichen Handelns Deutschlands stehen soll. Es ist ein Satz, der historisch gewachsen ist und nicht immer selbstverst\u00e4ndlich war. <\/p>\n\n\n\n<p>Der Musikverein B\u00f6nnigheim l\u00e4dt anl\u00e4sslich des 75. Geburtstages des Grundgesetzes und des 35. Jahrestages des Mauerfalls am 10. November ganz herzlich zum Konzert <em>&#8222;T\u00f6ne f\u00fcr die Demokratie&#8220;<\/em>  ein. Mit der Besetzung eines sinfonischen Blasorchesters soll unter der Leitung von StMD Rainer Falk aufger\u00fcttelt werden, was leicht in Vergessenheit ger\u00e4t. <\/p>\n\n\n\n<p>Durch kraftvolle Kl\u00e4nge und eine emotionale Tiefe werden die Ideale der Demokratie in den Mittelpunkt ger\u00fcckt. Neben der musikalischen Darbietung sollen durch Textbeitr\u00e4ge historische Ereignisse aufgegriffen werden und zum Nachdenken anregen. &#8222;<em>T\u00f6ne f\u00fcr die Demokratie<\/em>&#8220; wird zum Statement, demokratische Werte in unserer Gesellschaft zu bewahren und zu st\u00e4rken.<\/p>\n\n\n\n<p>Werden Sie Teil des Abends und lassen Sie sich von der Kraft der Musik inspirieren.<\/p>\n<\/div>\n\n\n\n<div class=\"wp-block-column is-layout-flow wp-block-column-is-layout-flow\" style=\"flex-basis:33.33%\">\n<figure class=\"wp-block-image size-full\"><img loading=\"lazy\" decoding=\"async\" width=\"876\" height=\"879\" src=\"https:\/\/xn--mv-bnnigheim-7ib.de\/new\/wp-content\/uploads\/2024\/09\/Plakat_TfdD.jpg\" alt=\"\" class=\"wp-image-3000\" srcset=\"https:\/\/xn--mv-bnnigheim-7ib.de\/new\/wp-content\/uploads\/2024\/09\/Plakat_TfdD.jpg 876w, https:\/\/xn--mv-bnnigheim-7ib.de\/new\/wp-content\/uploads\/2024\/09\/Plakat_TfdD-300x300.jpg 300w, https:\/\/xn--mv-bnnigheim-7ib.de\/new\/wp-content\/uploads\/2024\/09\/Plakat_TfdD-150x150.jpg 150w, https:\/\/xn--mv-bnnigheim-7ib.de\/new\/wp-content\/uploads\/2024\/09\/Plakat_TfdD-768x771.jpg 768w\" sizes=\"auto, (max-width: 876px) 100vw, 876px\" \/><\/figure>\n<\/div>\n<\/div>\n\n\n\n<div style=\"height:20px\" aria-hidden=\"true\" class=\"wp-block-spacer\"><\/div>\n\n\n\n<div class=\"wp-block-group is-layout-constrained wp-block-group-is-layout-constrained\"><div class=\"wp-block-group__inner-container\">\n<p class=\"has-ast-global-color-4-background-color has-background\">Abendkasse: 12 Euro<br>Sch\u00fclerinnen und Sch\u00fcler sowie Studierende frei<\/p>\n\n\n\n<p><\/p>\n<\/div><\/div>\n","protected":false},"excerpt":{"rendered":"<p>Mit diesem simplen Satz stellte der parlamentarische Rat von 1949 klar, dass von nun an der Mensch im Mittelpunkt des staatlichen Handelns Deutschlands stehen soll. Es ist ein Satz, der historisch gewachsen ist und nicht immer selbstverst\u00e4ndlich war. Der Musikverein B\u00f6nnigheim l\u00e4dt anl\u00e4sslich des 75. Geburtstages des Grundgesetzes und des 35. Jahrestages des Mauerfalls am [&hellip;]<\/p>\n","protected":false},"author":1,"featured_media":2975,"comment_status":"closed","ping_status":"closed","sticky":false,"template":"","format":"standard","meta":{"_uag_custom_page_level_css":"","_monsterinsights_skip_tracking":false,"_monsterinsights_sitenote_active":false,"_monsterinsights_sitenote_note":"","_monsterinsights_sitenote_category":0,"site-sidebar-layout":"default","site-content-layout":"","ast-site-content-layout":"default","site-content-style":"default","site-sidebar-style":"default","ast-global-header-display":"","ast-banner-title-visibility":"","ast-main-header-display":"","ast-hfb-above-header-display":"","ast-hfb-below-header-display":"","ast-hfb-mobile-header-display":"","site-post-title":"","ast-breadcrumbs-content":"","ast-featured-img":"","footer-sml-layout":"","ast-disable-related-posts":"","theme-transparent-header-meta":"","adv-header-id-meta":"","stick-header-meta":"","header-above-stick-meta":"","header-main-stick-meta":"","header-below-stick-meta":"","astra-migrate-meta-layouts":"set","ast-page-background-enabled":"default","ast-page-background-meta":{"desktop":{"background-color":"","background-image":"","background-repeat":"repeat","background-position":"center center","background-size":"auto","background-attachment":"scroll","background-type":"","background-media":"","overlay-type":"","overlay-color":"","overlay-opacity":"","overlay-gradient":""},"tablet":{"background-color":"","background-image":"","background-repeat":"repeat","background-position":"center center","background-size":"auto","background-attachment":"scroll","background-type":"","background-media":"","overlay-type":"","overlay-color":"","overlay-opacity":"","overlay-gradient":""},"mobile":{"background-color":"","background-image":"","background-repeat":"repeat","background-position":"center center","background-size":"auto","background-attachment":"scroll","background-type":"","background-media":"","overlay-type":"","overlay-color":"","overlay-opacity":"","overlay-gradient":""}},"ast-content-background-meta":{"desktop":{"background-color":"var(--ast-global-color-5)","background-image":"","background-repeat":"repeat","background-position":"center center","background-size":"auto","background-attachment":"scroll","background-type":"","background-media":"","overlay-type":"","overlay-color":"","overlay-opacity":"","overlay-gradient":""},"tablet":{"background-color":"var(--ast-global-color-5)","background-image":"","background-repeat":"repeat","background-position":"center center","background-size":"auto","background-attachment":"scroll","background-type":"","background-media":"","overlay-type":"","overlay-color":"","overlay-opacity":"","overlay-gradient":""},"mobile":{"background-color":"var(--ast-global-color-5)","background-image":"","background-repeat":"repeat","background-position":"center center","background-size":"auto","background-attachment":"scroll","background-type":"","background-media":"","overlay-type":"","overlay-color":"","overlay-opacity":"","overlay-gradient":""}},"footnotes":""},"categories":[1],"tags":[],"class_list":["post-2974","post","type-post","status-publish","format-standard","has-post-thumbnail","hentry","category-allgemein"],"uagb_featured_image_src":{"full":["https:\/\/xn--mv-bnnigheim-7ib.de\/new\/wp-content\/uploads\/2024\/09\/Toene_fuer_die_Demokratie-e1725882812978.jpg",1173,1170,false],"thumbnail":["https:\/\/xn--mv-bnnigheim-7ib.de\/new\/wp-content\/uploads\/2024\/09\/Toene_fuer_die_Demokratie-e1725882812978-150x150.jpg",150,150,true],"medium":["https:\/\/xn--mv-bnnigheim-7ib.de\/new\/wp-content\/uploads\/2024\/09\/Toene_fuer_die_Demokratie-e1725882812978-300x300.jpg",300,300,true],"medium_large":["https:\/\/xn--mv-bnnigheim-7ib.de\/new\/wp-content\/uploads\/2024\/09\/Toene_fuer_die_Demokratie-e1725882812978-768x766.jpg",768,766,true],"large":["https:\/\/xn--mv-bnnigheim-7ib.de\/new\/wp-content\/uploads\/2024\/09\/Toene_fuer_die_Demokratie-e1725882812978-1024x1021.jpg",1024,1021,true],"thumblist":["https:\/\/xn--mv-bnnigheim-7ib.de\/new\/wp-content\/uploads\/2024\/09\/Toene_fuer_die_Demokratie-e1725882812978-300x300.jpg",300,300,true],"meccarouselthumb":["https:\/\/xn--mv-bnnigheim-7ib.de\/new\/wp-content\/uploads\/2024\/09\/Toene_fuer_die_Demokratie-e1725882812978-474x324.jpg",474,324,true],"gridsquare":["https:\/\/xn--mv-bnnigheim-7ib.de\/new\/wp-content\/uploads\/2024\/09\/Toene_fuer_die_Demokratie-e1725882812978-391x260.jpg",391,260,true],"tileview":["https:\/\/xn--mv-bnnigheim-7ib.de\/new\/wp-content\/uploads\/2024\/09\/Toene_fuer_die_Demokratie-e1725882812978-300x400.jpg",300,400,true],"1536x1536":["https:\/\/xn--mv-bnnigheim-7ib.de\/new\/wp-content\/uploads\/2024\/09\/Toene_fuer_die_Demokratie-1127x1536.jpg",1127,1536,true],"2048x2048":["https:\/\/xn--mv-bnnigheim-7ib.de\/new\/wp-content\/uploads\/2024\/09\/Toene_fuer_die_Demokratie-e1725882812978.jpg",1173,1170,false],"ultp_layout_landscape_large":["https:\/\/xn--mv-bnnigheim-7ib.de\/new\/wp-content\/uploads\/2024\/09\/Toene_fuer_die_Demokratie-e1725882812978-1173x800.jpg",1173,800,true],"ultp_layout_landscape":["https:\/\/xn--mv-bnnigheim-7ib.de\/new\/wp-content\/uploads\/2024\/09\/Toene_fuer_die_Demokratie-e1725882812978-870x570.jpg",870,570,true],"ultp_layout_portrait":["https:\/\/xn--mv-bnnigheim-7ib.de\/new\/wp-content\/uploads\/2024\/09\/Toene_fuer_die_Demokratie-e1725882812978-600x900.jpg",600,900,true],"ultp_layout_square":["https:\/\/xn--mv-bnnigheim-7ib.de\/new\/wp-content\/uploads\/2024\/09\/Toene_fuer_die_Demokratie-e1725882812978-600x600.jpg",600,600,true]},"uagb_author_info":{"display_name":"admin","author_link":"https:\/\/xn--mv-bnnigheim-7ib.de\/new\/author\/admin\/"},"uagb_comment_info":0,"uagb_excerpt":"Mit diesem simplen Satz stellte der parlamentarische Rat von 1949 klar, dass von nun an der Mensch im Mittelpunkt des staatlichen Handelns Deutschlands stehen soll. Es ist ein Satz, der historisch gewachsen ist und nicht immer selbstverst\u00e4ndlich war. Der Musikverein B\u00f6nnigheim l\u00e4dt anl\u00e4sslich des 75. Geburtstages des Grundgesetzes und des 35. Jahrestages des Mauerfalls am&hellip;","_links":{"self":[{"href":"https:\/\/xn--mv-bnnigheim-7ib.de\/new\/wp-json\/wp\/v2\/posts\/2974","targetHints":{"allow":["GET"]}}],"collection":[{"href":"https:\/\/xn--mv-bnnigheim-7ib.de\/new\/wp-json\/wp\/v2\/posts"}],"about":[{"href":"https:\/\/xn--mv-bnnigheim-7ib.de\/new\/wp-json\/wp\/v2\/types\/post"}],"author":[{"embeddable":true,"href":"https:\/\/xn--mv-bnnigheim-7ib.de\/new\/wp-json\/wp\/v2\/users\/1"}],"replies":[{"embeddable":true,"href":"https:\/\/xn--mv-bnnigheim-7ib.de\/new\/wp-json\/wp\/v2\/comments?post=2974"}],"version-history":[{"count":6,"href":"https:\/\/xn--mv-bnnigheim-7ib.de\/new\/wp-json\/wp\/v2\/posts\/2974\/revisions"}],"predecessor-version":[{"id":3003,"href":"https:\/\/xn--mv-bnnigheim-7ib.de\/new\/wp-json\/wp\/v2\/posts\/2974\/revisions\/3003"}],"wp:featuredmedia":[{"embeddable":true,"href":"https:\/\/xn--mv-bnnigheim-7ib.de\/new\/wp-json\/wp\/v2\/media\/2975"}],"wp:attachment":[{"href":"https:\/\/xn--mv-bnnigheim-7ib.de\/new\/wp-json\/wp\/v2\/media?parent=2974"}],"wp:term":[{"taxonomy":"category","embeddable":true,"href":"https:\/\/xn--mv-bnnigheim-7ib.de\/new\/wp-json\/wp\/v2\/categories?post=2974"},{"taxonomy":"post_tag","embeddable":true,"href":"https:\/\/xn--mv-bnnigheim-7ib.de\/new\/wp-json\/wp\/v2\/tags?post=2974"}],"curies":[{"name":"wp","href":"https:\/\/api.w.org\/{rel}","templated":true}]}}