{"id":2163,"date":"2020-07-13T13:14:00","date_gmt":"2020-07-13T11:14:00","guid":{"rendered":"https:\/\/xn--mv-bnnigheim-7ib.de\/new\/?p=2163"},"modified":"2021-09-11T13:35:41","modified_gmt":"2021-09-11T11:35:41","slug":"erste-gesamtprobe-nach-lockdown","status":"publish","type":"post","link":"https:\/\/xn--mv-bnnigheim-7ib.de\/new\/erste-gesamtprobe-nach-lockdown\/","title":{"rendered":"Erste Gesamtprobe nach Lockdown"},"content":{"rendered":"\n<div class=\"wp-block-image\"><figure class=\"aligncenter size-full is-resized\"><img loading=\"lazy\" decoding=\"async\" src=\"https:\/\/xn--mv-bnnigheim-7ib.de\/new\/wp-content\/uploads\/2021\/09\/image-2.png\" alt=\"\" class=\"wp-image-2164\" width=\"448\" height=\"227\" srcset=\"https:\/\/xn--mv-bnnigheim-7ib.de\/new\/wp-content\/uploads\/2021\/09\/image-2.png 351w, https:\/\/xn--mv-bnnigheim-7ib.de\/new\/wp-content\/uploads\/2021\/09\/image-2-300x152.png 300w\" sizes=\"auto, (max-width: 448px) 100vw, 448px\" \/><\/figure><\/div>\n\n\n\n<p>Vergangene Woche fand die erste gemeinsame Gesamtprobe seit Corona statt. Realisiert wurde dies in der Sporthalle, wodurch die allgemeinen Hygienevorschriften und Abstandsregelungen eingehalten werden konnten.<\/p>\n\n\n\n<p><strong><em>Nachtmusik <\/em><\/strong><\/p>\n\n\n\n<p>Die Nachtmusik, welche eigentlich f\u00fcr Samstag den 4.7. im Rahmen des Kulturwochenendes geplant gewesen w\u00e4re, fand dieses Jahr leider nicht statt. Um Ihnen jedoch trotzdem musikalische Unterhaltung bieten zu k\u00f6nnen, haben wir Ihnen eine Auswahl der St\u00fccke auf unserem YouTube Kanal zusammengestellt. Dazu ben\u00f6tigen Sie einen Zugangslink. Besuchen Sie uns daf\u00fcr auf unserer Homepage oder unseren Sozialen Kan\u00e4len.<\/p>\n\n\n\n<p>29\/20<\/p>\n","protected":false},"excerpt":{"rendered":"<p>Vergangene Woche fand die erste gemeinsame Gesamtprobe seit Corona statt. Realisiert wurde dies in der Sporthalle, wodurch die allgemeinen Hygienevorschriften und Abstandsregelungen eingehalten werden konnten. Nachtmusik Die Nachtmusik, welche eigentlich f\u00fcr Samstag den 4.7. im Rahmen des Kulturwochenendes geplant gewesen w\u00e4re, fand dieses Jahr leider nicht statt. Um Ihnen jedoch trotzdem musikalische Unterhaltung bieten zu [&hellip;]<\/p>\n","protected":false},"author":1,"featured_media":2164,"comment_status":"closed","ping_status":"closed","sticky":false,"template":"","format":"standard","meta":{"_uag_custom_page_level_css":"","_monsterinsights_skip_tracking":false,"_monsterinsights_sitenote_active":false,"_monsterinsights_sitenote_note":"","_monsterinsights_sitenote_category":0,"site-sidebar-layout":"default","site-content-layout":"default","ast-site-content-layout":"default","site-content-style":"default","site-sidebar-style":"default","ast-global-header-display":"","ast-banner-title-visibility":"","ast-main-header-display":"","ast-hfb-above-header-display":"","ast-hfb-below-header-display":"","ast-hfb-mobile-header-display":"","site-post-title":"","ast-breadcrumbs-content":"","ast-featured-img":"disabled","footer-sml-layout":"","ast-disable-related-posts":"","theme-transparent-header-meta":"default","adv-header-id-meta":"","stick-header-meta":"","header-above-stick-meta":"","header-main-stick-meta":"","header-below-stick-meta":"","astra-migrate-meta-layouts":"default","ast-page-background-enabled":"default","ast-page-background-meta":{"desktop":{"background-color":"","background-image":"","background-repeat":"repeat","background-position":"center center","background-size":"auto","background-attachment":"scroll","background-type":"","background-media":"","overlay-type":"","overlay-color":"","overlay-opacity":"","overlay-gradient":""},"tablet":{"background-color":"","background-image":"","background-repeat":"repeat","background-position":"center center","background-size":"auto","background-attachment":"scroll","background-type":"","background-media":"","overlay-type":"","overlay-color":"","overlay-opacity":"","overlay-gradient":""},"mobile":{"background-color":"","background-image":"","background-repeat":"repeat","background-position":"center center","background-size":"auto","background-attachment":"scroll","background-type":"","background-media":"","overlay-type":"","overlay-color":"","overlay-opacity":"","overlay-gradient":""}},"ast-content-background-meta":{"desktop":{"background-color":"var(--ast-global-color-5)","background-image":"","background-repeat":"repeat","background-position":"center center","background-size":"auto","background-attachment":"scroll","background-type":"","background-media":"","overlay-type":"","overlay-color":"","overlay-opacity":"","overlay-gradient":""},"tablet":{"background-color":"var(--ast-global-color-5)","background-image":"","background-repeat":"repeat","background-position":"center center","background-size":"auto","background-attachment":"scroll","background-type":"","background-media":"","overlay-type":"","overlay-color":"","overlay-opacity":"","overlay-gradient":""},"mobile":{"background-color":"var(--ast-global-color-5)","background-image":"","background-repeat":"repeat","background-position":"center center","background-size":"auto","background-attachment":"scroll","background-type":"","background-media":"","overlay-type":"","overlay-color":"","overlay-opacity":"","overlay-gradient":""}},"footnotes":""},"categories":[1],"tags":[],"class_list":["post-2163","post","type-post","status-publish","format-standard","has-post-thumbnail","hentry","category-allgemein"],"uagb_featured_image_src":{"full":["https:\/\/xn--mv-bnnigheim-7ib.de\/new\/wp-content\/uploads\/2021\/09\/image-2.png",351,178,false],"thumbnail":["https:\/\/xn--mv-bnnigheim-7ib.de\/new\/wp-content\/uploads\/2021\/09\/image-2-150x150.png",150,150,true],"medium":["https:\/\/xn--mv-bnnigheim-7ib.de\/new\/wp-content\/uploads\/2021\/09\/image-2-300x152.png",300,152,true],"medium_large":["https:\/\/xn--mv-bnnigheim-7ib.de\/new\/wp-content\/uploads\/2021\/09\/image-2.png",351,178,false],"large":["https:\/\/xn--mv-bnnigheim-7ib.de\/new\/wp-content\/uploads\/2021\/09\/image-2.png",351,178,false],"thumblist":["https:\/\/xn--mv-bnnigheim-7ib.de\/new\/wp-content\/uploads\/2021\/09\/image-2-300x178.png",300,178,true],"meccarouselthumb":["https:\/\/xn--mv-bnnigheim-7ib.de\/new\/wp-content\/uploads\/2021\/09\/image-2.png",351,178,false],"gridsquare":["https:\/\/xn--mv-bnnigheim-7ib.de\/new\/wp-content\/uploads\/2021\/09\/image-2.png",351,178,false],"tileview":["https:\/\/xn--mv-bnnigheim-7ib.de\/new\/wp-content\/uploads\/2021\/09\/image-2-300x178.png",300,178,true],"1536x1536":["https:\/\/xn--mv-bnnigheim-7ib.de\/new\/wp-content\/uploads\/2021\/09\/image-2.png",351,178,false],"2048x2048":["https:\/\/xn--mv-bnnigheim-7ib.de\/new\/wp-content\/uploads\/2021\/09\/image-2.png",351,178,false],"ultp_layout_landscape_large":["https:\/\/xn--mv-bnnigheim-7ib.de\/new\/wp-content\/uploads\/2021\/09\/image-2.png",351,178,false],"ultp_layout_landscape":["https:\/\/xn--mv-bnnigheim-7ib.de\/new\/wp-content\/uploads\/2021\/09\/image-2.png",351,178,false],"ultp_layout_portrait":["https:\/\/xn--mv-bnnigheim-7ib.de\/new\/wp-content\/uploads\/2021\/09\/image-2.png",351,178,false],"ultp_layout_square":["https:\/\/xn--mv-bnnigheim-7ib.de\/new\/wp-content\/uploads\/2021\/09\/image-2.png",351,178,false]},"uagb_author_info":{"display_name":"admin","author_link":"https:\/\/xn--mv-bnnigheim-7ib.de\/new\/author\/admin\/"},"uagb_comment_info":0,"uagb_excerpt":"Vergangene Woche fand die erste gemeinsame Gesamtprobe seit Corona statt. Realisiert wurde dies in der Sporthalle, wodurch die allgemeinen Hygienevorschriften und Abstandsregelungen eingehalten werden konnten. Nachtmusik Die Nachtmusik, welche eigentlich f\u00fcr Samstag den 4.7. im Rahmen des Kulturwochenendes geplant gewesen w\u00e4re, fand dieses Jahr leider nicht statt. Um Ihnen jedoch trotzdem musikalische Unterhaltung bieten zu&hellip;","_links":{"self":[{"href":"https:\/\/xn--mv-bnnigheim-7ib.de\/new\/wp-json\/wp\/v2\/posts\/2163","targetHints":{"allow":["GET"]}}],"collection":[{"href":"https:\/\/xn--mv-bnnigheim-7ib.de\/new\/wp-json\/wp\/v2\/posts"}],"about":[{"href":"https:\/\/xn--mv-bnnigheim-7ib.de\/new\/wp-json\/wp\/v2\/types\/post"}],"author":[{"embeddable":true,"href":"https:\/\/xn--mv-bnnigheim-7ib.de\/new\/wp-json\/wp\/v2\/users\/1"}],"replies":[{"embeddable":true,"href":"https:\/\/xn--mv-bnnigheim-7ib.de\/new\/wp-json\/wp\/v2\/comments?post=2163"}],"version-history":[{"count":2,"href":"https:\/\/xn--mv-bnnigheim-7ib.de\/new\/wp-json\/wp\/v2\/posts\/2163\/revisions"}],"predecessor-version":[{"id":2179,"href":"https:\/\/xn--mv-bnnigheim-7ib.de\/new\/wp-json\/wp\/v2\/posts\/2163\/revisions\/2179"}],"wp:featuredmedia":[{"embeddable":true,"href":"https:\/\/xn--mv-bnnigheim-7ib.de\/new\/wp-json\/wp\/v2\/media\/2164"}],"wp:attachment":[{"href":"https:\/\/xn--mv-bnnigheim-7ib.de\/new\/wp-json\/wp\/v2\/media?parent=2163"}],"wp:term":[{"taxonomy":"category","embeddable":true,"href":"https:\/\/xn--mv-bnnigheim-7ib.de\/new\/wp-json\/wp\/v2\/categories?post=2163"},{"taxonomy":"post_tag","embeddable":true,"href":"https:\/\/xn--mv-bnnigheim-7ib.de\/new\/wp-json\/wp\/v2\/tags?post=2163"}],"curies":[{"name":"wp","href":"https:\/\/api.w.org\/{rel}","templated":true}]}}